{"id":1299,"date":"2014-09-29T10:00:02","date_gmt":"2014-09-29T08:00:02","guid":{"rendered":"https:\/\/jaheca.se\/carro\/365foton2014\/?p=1299"},"modified":"2020-11-10T20:16:54","modified_gmt":"2020-11-10T19:16:54","slug":"eget-tema-flodkrok-265365","status":"publish","type":"post","link":"https:\/\/carrofoto.nu\/365foton\/2014\/09\/29\/eget-tema-flodkrok-265365\/","title":{"rendered":"Eget tema &#8211; Flodkr\u00f6k (265\/365)"},"content":{"rendered":"<p><img loading=\"lazy\" decoding=\"async\" class=\"alignnone wp-image-303\" src=\"https:\/\/carrofoto.nu\/365foton\/wp-content\/uploads\/2020\/10\/c_M2014_0919CH.jpg\" alt=\"\" width=\"725\" height=\"544\" srcset=\"https:\/\/carrofoto.nu\/365foton\/wp-content\/uploads\/2020\/10\/c_M2014_0919CH.jpg 800w, https:\/\/carrofoto.nu\/365foton\/wp-content\/uploads\/2020\/10\/c_M2014_0919CH-450x338.jpg 450w, https:\/\/carrofoto.nu\/365foton\/wp-content\/uploads\/2020\/10\/c_M2014_0919CH-768x576.jpg 768w, https:\/\/carrofoto.nu\/365foton\/wp-content\/uploads\/2020\/10\/c_M2014_0919CH-150x113.jpg 150w, https:\/\/carrofoto.nu\/365foton\/wp-content\/uploads\/2020\/10\/c_M2014_0919CH-200x150.jpg 200w\" sizes=\"auto, (max-width: 725px) 100vw, 725px\" \/><\/p>\n<p>Ist\u00e4llet f\u00f6r v\u00e4gkr\u00f6k v\u00e4ljer jag en <em>flodkr\u00f6k<\/em> som jag s\u00e5g fr\u00e5n flygplanet p\u00e5 v\u00e4gen hem<\/p>\n<p><span style=\"font-size: 12px;\">Bilden tagen med mobilkameran<\/span><\/p>\n","protected":false},"excerpt":{"rendered":"<p>Ist\u00e4llet f\u00f6r v\u00e4gkr\u00f6k v\u00e4ljer jag en flodkr\u00f6k som jag s\u00e5g fr\u00e5n flygplanet p\u00e5 v\u00e4gen hem Bilden tagen med mobilkameran<\/p>\n","protected":false},"author":1,"featured_media":0,"comment_status":"open","ping_status":"closed","sticky":false,"template":"","format":"standard","meta":{"footnotes":""},"categories":[3],"tags":[],"class_list":["post-1299","post","type-post","status-publish","format-standard","hentry","category-2014-eget-tema"],"_links":{"self":[{"href":"https:\/\/carrofoto.nu\/365foton\/wp-json\/wp\/v2\/posts\/1299","targetHints":{"allow":["GET"]}}],"collection":[{"href":"https:\/\/carrofoto.nu\/365foton\/wp-json\/wp\/v2\/posts"}],"about":[{"href":"https:\/\/carrofoto.nu\/365foton\/wp-json\/wp\/v2\/types\/post"}],"author":[{"embeddable":true,"href":"https:\/\/carrofoto.nu\/365foton\/wp-json\/wp\/v2\/users\/1"}],"replies":[{"embeddable":true,"href":"https:\/\/carrofoto.nu\/365foton\/wp-json\/wp\/v2\/comments?post=1299"}],"version-history":[{"count":1,"href":"https:\/\/carrofoto.nu\/365foton\/wp-json\/wp\/v2\/posts\/1299\/revisions"}],"predecessor-version":[{"id":2191,"href":"https:\/\/carrofoto.nu\/365foton\/wp-json\/wp\/v2\/posts\/1299\/revisions\/2191"}],"wp:attachment":[{"href":"https:\/\/carrofoto.nu\/365foton\/wp-json\/wp\/v2\/media?parent=1299"}],"wp:term":[{"taxonomy":"category","embeddable":true,"href":"https:\/\/carrofoto.nu\/365foton\/wp-json\/wp\/v2\/categories?post=1299"},{"taxonomy":"post_tag","embeddable":true,"href":"https:\/\/carrofoto.nu\/365foton\/wp-json\/wp\/v2\/tags?post=1299"}],"curies":[{"name":"wp","href":"https:\/\/api.w.org\/{rel}","templated":true}]}}