{"id":1350,"date":"2014-10-10T10:00:59","date_gmt":"2014-10-10T08:00:59","guid":{"rendered":"https:\/\/jaheca.se\/carro\/365foton2014\/?p=1350"},"modified":"2020-10-30T14:53:28","modified_gmt":"2020-10-30T13:53:28","slug":"eget-tema-skaggig-277365","status":"publish","type":"post","link":"https:\/\/carrofoto.nu\/365foton\/2014\/10\/10\/eget-tema-skaggig-277365\/","title":{"rendered":"Eget tema &#8211; Sk\u00e4ggig (277\/365)"},"content":{"rendered":"<p><img loading=\"lazy\" decoding=\"async\" class=\"alignnone wp-image-384\" src=\"https:\/\/carrofoto.nu\/365foton\/wp-content\/uploads\/2020\/10\/20140927_161432.jpg\" alt=\"\" width=\"725\" height=\"544\" srcset=\"https:\/\/carrofoto.nu\/365foton\/wp-content\/uploads\/2020\/10\/20140927_161432.jpg 800w, https:\/\/carrofoto.nu\/365foton\/wp-content\/uploads\/2020\/10\/20140927_161432-450x338.jpg 450w, https:\/\/carrofoto.nu\/365foton\/wp-content\/uploads\/2020\/10\/20140927_161432-768x576.jpg 768w, https:\/\/carrofoto.nu\/365foton\/wp-content\/uploads\/2020\/10\/20140927_161432-150x113.jpg 150w, https:\/\/carrofoto.nu\/365foton\/wp-content\/uploads\/2020\/10\/20140927_161432-200x150.jpg 200w\" sizes=\"auto, (max-width: 725px) 100vw, 725px\" \/><\/p>\n<p>Bobby \u00e4r en <em>sk\u00e4ggig<\/em> hund (och ofta smutsig i sk\u00e4gget) \ud83d\ude42<\/p>\n<p><span style=\"font-size: 12px;\">Bilden tagen med mobilkameran<\/span><\/p>\n","protected":false},"excerpt":{"rendered":"<p>Bobby \u00e4r en sk\u00e4ggig hund (och ofta smutsig i sk\u00e4gget) \ud83d\ude42 Bilden tagen med mobilkameran<\/p>\n","protected":false},"author":1,"featured_media":0,"comment_status":"open","ping_status":"closed","sticky":false,"template":"","format":"standard","meta":{"footnotes":""},"categories":[3],"tags":[],"class_list":["post-1350","post","type-post","status-publish","format-standard","hentry","category-2014-eget-tema"],"_links":{"self":[{"href":"https:\/\/carrofoto.nu\/365foton\/wp-json\/wp\/v2\/posts\/1350","targetHints":{"allow":["GET"]}}],"collection":[{"href":"https:\/\/carrofoto.nu\/365foton\/wp-json\/wp\/v2\/posts"}],"about":[{"href":"https:\/\/carrofoto.nu\/365foton\/wp-json\/wp\/v2\/types\/post"}],"author":[{"embeddable":true,"href":"https:\/\/carrofoto.nu\/365foton\/wp-json\/wp\/v2\/users\/1"}],"replies":[{"embeddable":true,"href":"https:\/\/carrofoto.nu\/365foton\/wp-json\/wp\/v2\/comments?post=1350"}],"version-history":[{"count":1,"href":"https:\/\/carrofoto.nu\/365foton\/wp-json\/wp\/v2\/posts\/1350\/revisions"}],"predecessor-version":[{"id":2174,"href":"https:\/\/carrofoto.nu\/365foton\/wp-json\/wp\/v2\/posts\/1350\/revisions\/2174"}],"wp:attachment":[{"href":"https:\/\/carrofoto.nu\/365foton\/wp-json\/wp\/v2\/media?parent=1350"}],"wp:term":[{"taxonomy":"category","embeddable":true,"href":"https:\/\/carrofoto.nu\/365foton\/wp-json\/wp\/v2\/categories?post=1350"},{"taxonomy":"post_tag","embeddable":true,"href":"https:\/\/carrofoto.nu\/365foton\/wp-json\/wp\/v2\/tags?post=1350"}],"curies":[{"name":"wp","href":"https:\/\/api.w.org\/{rel}","templated":true}]}}