{"id":1565,"date":"2015-12-28T16:28:10","date_gmt":"2015-12-28T14:28:10","guid":{"rendered":"https:\/\/jaheca.se\/carro\/365foton2015\/?p=1565"},"modified":"2021-11-07T16:38:29","modified_gmt":"2021-11-07T15:38:29","slug":"eget-tema-25-nyfikenhet-320365","status":"publish","type":"post","link":"https:\/\/carrofoto.nu\/365foton\/2015\/12\/28\/eget-tema-25-nyfikenhet-320365\/","title":{"rendered":"Eget tema 25 &#8211; Nyfikenhet (320\/365)"},"content":{"rendered":"<p><img loading=\"lazy\" decoding=\"async\" class=\"alignnone size-large wp-image-2954\" src=\"https:\/\/carrofoto.nu\/365foton\/wp-content\/uploads\/2021\/05\/20151227_095511-730x548.jpg\" alt=\"\" width=\"730\" height=\"548\" srcset=\"https:\/\/carrofoto.nu\/365foton\/wp-content\/uploads\/2021\/05\/20151227_095511-730x548.jpg 730w, https:\/\/carrofoto.nu\/365foton\/wp-content\/uploads\/2021\/05\/20151227_095511-450x338.jpg 450w, https:\/\/carrofoto.nu\/365foton\/wp-content\/uploads\/2021\/05\/20151227_095511-768x576.jpg 768w, https:\/\/carrofoto.nu\/365foton\/wp-content\/uploads\/2021\/05\/20151227_095511-150x113.jpg 150w, https:\/\/carrofoto.nu\/365foton\/wp-content\/uploads\/2021\/05\/20151227_095511-200x150.jpg 200w, https:\/\/carrofoto.nu\/365foton\/wp-content\/uploads\/2021\/05\/20151227_095511.jpg 800w\" sizes=\"auto, (max-width: 730px) 100vw, 730px\" \/><\/p>\n<p>M\u00e5nga katter visar <em>nyfikenhet<\/em> n\u00e4r man tar fram fj\u00e4dervippan<\/p>\n","protected":false},"excerpt":{"rendered":"<p>M\u00e5nga katter visar nyfikenhet n\u00e4r man tar fram fj\u00e4dervippan<\/p>\n","protected":false},"author":1,"featured_media":0,"comment_status":"open","ping_status":"closed","sticky":false,"template":"","format":"standard","meta":{"footnotes":""},"categories":[8,9],"tags":[],"class_list":["post-1565","post","type-post","status-publish","format-standard","hentry","category-8","category-2015-egna-teman"],"_links":{"self":[{"href":"https:\/\/carrofoto.nu\/365foton\/wp-json\/wp\/v2\/posts\/1565","targetHints":{"allow":["GET"]}}],"collection":[{"href":"https:\/\/carrofoto.nu\/365foton\/wp-json\/wp\/v2\/posts"}],"about":[{"href":"https:\/\/carrofoto.nu\/365foton\/wp-json\/wp\/v2\/types\/post"}],"author":[{"embeddable":true,"href":"https:\/\/carrofoto.nu\/365foton\/wp-json\/wp\/v2\/users\/1"}],"replies":[{"embeddable":true,"href":"https:\/\/carrofoto.nu\/365foton\/wp-json\/wp\/v2\/comments?post=1565"}],"version-history":[{"count":3,"href":"https:\/\/carrofoto.nu\/365foton\/wp-json\/wp\/v2\/posts\/1565\/revisions"}],"predecessor-version":[{"id":4117,"href":"https:\/\/carrofoto.nu\/365foton\/wp-json\/wp\/v2\/posts\/1565\/revisions\/4117"}],"wp:attachment":[{"href":"https:\/\/carrofoto.nu\/365foton\/wp-json\/wp\/v2\/media?parent=1565"}],"wp:term":[{"taxonomy":"category","embeddable":true,"href":"https:\/\/carrofoto.nu\/365foton\/wp-json\/wp\/v2\/categories?post=1565"},{"taxonomy":"post_tag","embeddable":true,"href":"https:\/\/carrofoto.nu\/365foton\/wp-json\/wp\/v2\/tags?post=1565"}],"curies":[{"name":"wp","href":"https:\/\/api.w.org\/{rel}","templated":true}]}}