{"id":1617,"date":"2014-11-28T10:10:39","date_gmt":"2014-11-28T09:10:39","guid":{"rendered":"https:\/\/jaheca.se\/carro\/365foton2014\/?p=1617"},"modified":"2020-10-13T16:14:27","modified_gmt":"2020-10-13T16:14:27","slug":"eget-tema-alvdans-332365","status":"publish","type":"post","link":"https:\/\/carrofoto.nu\/365foton\/2014\/11\/28\/eget-tema-alvdans-332365\/","title":{"rendered":"Eget tema &#8211; \u00c4lvdans (332\/365)"},"content":{"rendered":"<p><span style=\"font-size: 12px;\"><img loading=\"lazy\" decoding=\"async\" class=\"alignnone wp-image-342\" src=\"https:\/\/carrofoto.nu\/365foton\/wp-content\/uploads\/2020\/10\/c_M2014_1125AA_.jpg\" alt=\"\" width=\"725\" height=\"483\" srcset=\"https:\/\/carrofoto.nu\/365foton\/wp-content\/uploads\/2020\/10\/c_M2014_1125AA_.jpg 800w, https:\/\/carrofoto.nu\/365foton\/wp-content\/uploads\/2020\/10\/c_M2014_1125AA_-450x300.jpg 450w, https:\/\/carrofoto.nu\/365foton\/wp-content\/uploads\/2020\/10\/c_M2014_1125AA_-768x512.jpg 768w, https:\/\/carrofoto.nu\/365foton\/wp-content\/uploads\/2020\/10\/c_M2014_1125AA_-150x100.jpg 150w, https:\/\/carrofoto.nu\/365foton\/wp-content\/uploads\/2020\/10\/c_M2014_1125AA_-225x150.jpg 225w\" sizes=\"auto, (max-width: 725px) 100vw, 725px\" \/><\/span><\/p>\n<p>N\u00e4r dimman smyger \u00f6ver f\u00e4lten s\u00e4ger man att \u00e4lvorna dansar &#8211; <em>\u00e4lvdans<\/em><br \/>\n<a href=\"http:\/\/sv.wikipedia.org\/wiki\/%C3%84lvdans\" target=\"_blank\" rel=\"noopener noreferrer\">\u00c4lvdans i Wikipedia<\/a><\/p>\n<p><span style=\"font-size: 12px;\">Bilden tagen med mobilkameran<\/span><\/p>\n","protected":false},"excerpt":{"rendered":"<p>N\u00e4r dimman smyger \u00f6ver f\u00e4lten s\u00e4ger man att \u00e4lvorna dansar &#8211; \u00e4lvdans \u00c4lvdans i Wikipedia Bilden tagen med mobilkameran<\/p>\n","protected":false},"author":1,"featured_media":0,"comment_status":"open","ping_status":"closed","sticky":false,"template":"","format":"standard","meta":{"footnotes":""},"categories":[3],"tags":[],"class_list":["post-1617","post","type-post","status-publish","format-standard","hentry","category-2014-eget-tema"],"_links":{"self":[{"href":"https:\/\/carrofoto.nu\/365foton\/wp-json\/wp\/v2\/posts\/1617","targetHints":{"allow":["GET"]}}],"collection":[{"href":"https:\/\/carrofoto.nu\/365foton\/wp-json\/wp\/v2\/posts"}],"about":[{"href":"https:\/\/carrofoto.nu\/365foton\/wp-json\/wp\/v2\/types\/post"}],"author":[{"embeddable":true,"href":"https:\/\/carrofoto.nu\/365foton\/wp-json\/wp\/v2\/users\/1"}],"replies":[{"embeddable":true,"href":"https:\/\/carrofoto.nu\/365foton\/wp-json\/wp\/v2\/comments?post=1617"}],"version-history":[{"count":2,"href":"https:\/\/carrofoto.nu\/365foton\/wp-json\/wp\/v2\/posts\/1617\/revisions"}],"predecessor-version":[{"id":2038,"href":"https:\/\/carrofoto.nu\/365foton\/wp-json\/wp\/v2\/posts\/1617\/revisions\/2038"}],"wp:attachment":[{"href":"https:\/\/carrofoto.nu\/365foton\/wp-json\/wp\/v2\/media?parent=1617"}],"wp:term":[{"taxonomy":"category","embeddable":true,"href":"https:\/\/carrofoto.nu\/365foton\/wp-json\/wp\/v2\/categories?post=1617"},{"taxonomy":"post_tag","embeddable":true,"href":"https:\/\/carrofoto.nu\/365foton\/wp-json\/wp\/v2\/tags?post=1617"}],"curies":[{"name":"wp","href":"https:\/\/api.w.org\/{rel}","templated":true}]}}