{"id":1622,"date":"2014-11-30T10:00:57","date_gmt":"2014-11-30T09:00:57","guid":{"rendered":"https:\/\/jaheca.se\/carro\/365foton2014\/?p=1622"},"modified":"2020-10-13T16:07:48","modified_gmt":"2020-10-13T16:07:48","slug":"eget-tema-dagsljus-334365","status":"publish","type":"post","link":"https:\/\/carrofoto.nu\/365foton\/2014\/11\/30\/eget-tema-dagsljus-334365\/","title":{"rendered":"Eget tema &#8211; Dagsljus (334\/365)"},"content":{"rendered":"<p><img loading=\"lazy\" decoding=\"async\" class=\"alignnone wp-image-343\" src=\"https:\/\/carrofoto.nu\/365foton\/wp-content\/uploads\/2020\/10\/c_M2014_1125AD.jpg\" alt=\"\" width=\"548\" height=\"730\" srcset=\"https:\/\/carrofoto.nu\/365foton\/wp-content\/uploads\/2020\/10\/c_M2014_1125AD.jpg 600w, https:\/\/carrofoto.nu\/365foton\/wp-content\/uploads\/2020\/10\/c_M2014_1125AD-338x450.jpg 338w, https:\/\/carrofoto.nu\/365foton\/wp-content\/uploads\/2020\/10\/c_M2014_1125AD-113x150.jpg 113w\" sizes=\"auto, (max-width: 548px) 100vw, 548px\" \/><\/p>\n<p>Denna ljusterapilampa ger fullt <em>dagsljus<\/em>, vilket kan beh\u00f6vas i det gr\u00e5a h\u00f6stm\u00f6rkret<\/p>\n<p><span style=\"font-size: 12px;\">Bilden tagen med mobilkameran<\/span><\/p>\n","protected":false},"excerpt":{"rendered":"<p>Denna ljusterapilampa ger fullt dagsljus, vilket kan beh\u00f6vas i det gr\u00e5a h\u00f6stm\u00f6rkret Bilden tagen med mobilkameran<\/p>\n","protected":false},"author":1,"featured_media":0,"comment_status":"open","ping_status":"closed","sticky":false,"template":"","format":"standard","meta":{"footnotes":""},"categories":[3],"tags":[],"class_list":["post-1622","post","type-post","status-publish","format-standard","hentry","category-2014-eget-tema"],"_links":{"self":[{"href":"https:\/\/carrofoto.nu\/365foton\/wp-json\/wp\/v2\/posts\/1622","targetHints":{"allow":["GET"]}}],"collection":[{"href":"https:\/\/carrofoto.nu\/365foton\/wp-json\/wp\/v2\/posts"}],"about":[{"href":"https:\/\/carrofoto.nu\/365foton\/wp-json\/wp\/v2\/types\/post"}],"author":[{"embeddable":true,"href":"https:\/\/carrofoto.nu\/365foton\/wp-json\/wp\/v2\/users\/1"}],"replies":[{"embeddable":true,"href":"https:\/\/carrofoto.nu\/365foton\/wp-json\/wp\/v2\/comments?post=1622"}],"version-history":[{"count":1,"href":"https:\/\/carrofoto.nu\/365foton\/wp-json\/wp\/v2\/posts\/1622\/revisions"}],"predecessor-version":[{"id":2034,"href":"https:\/\/carrofoto.nu\/365foton\/wp-json\/wp\/v2\/posts\/1622\/revisions\/2034"}],"wp:attachment":[{"href":"https:\/\/carrofoto.nu\/365foton\/wp-json\/wp\/v2\/media?parent=1622"}],"wp:term":[{"taxonomy":"category","embeddable":true,"href":"https:\/\/carrofoto.nu\/365foton\/wp-json\/wp\/v2\/categories?post=1622"},{"taxonomy":"post_tag","embeddable":true,"href":"https:\/\/carrofoto.nu\/365foton\/wp-json\/wp\/v2\/tags?post=1622"}],"curies":[{"name":"wp","href":"https:\/\/api.w.org\/{rel}","templated":true}]}}