{"id":1644,"date":"2015-12-30T15:06:23","date_gmt":"2015-12-30T14:06:23","guid":{"rendered":"https:\/\/jaheca.se\/carro\/365foton2015\/?p=1644"},"modified":"2021-10-19T19:01:33","modified_gmt":"2021-10-19T17:01:33","slug":"117-hjalp-335365","status":"publish","type":"post","link":"https:\/\/carrofoto.nu\/365foton\/2015\/12\/30\/117-hjalp-335365\/","title":{"rendered":"117 &#8211; Hj\u00e4lp (335\/365)"},"content":{"rendered":"<p><img loading=\"lazy\" decoding=\"async\" class=\"alignnone size-large wp-image-3033\" src=\"https:\/\/carrofoto.nu\/365foton\/wp-content\/uploads\/2021\/05\/c_20151230_143315-548x730.jpg\" alt=\"\" width=\"548\" height=\"730\" srcset=\"https:\/\/carrofoto.nu\/365foton\/wp-content\/uploads\/2021\/05\/c_20151230_143315-548x730.jpg 548w, https:\/\/carrofoto.nu\/365foton\/wp-content\/uploads\/2021\/05\/c_20151230_143315-338x450.jpg 338w, https:\/\/carrofoto.nu\/365foton\/wp-content\/uploads\/2021\/05\/c_20151230_143315-113x150.jpg 113w, https:\/\/carrofoto.nu\/365foton\/wp-content\/uploads\/2021\/05\/c_20151230_143315.jpg 600w\" sizes=\"auto, (max-width: 548px) 100vw, 548px\" \/><\/p>\n<p>Amaryllisen har f\u00e5tt lite <em>hj\u00e4lp<\/em> i from av ett st\u00f6d f\u00f6r att h\u00e5lla sig uppr\u00e4tt<\/p>\n<p>&nbsp;<\/p>\n","protected":false},"excerpt":{"rendered":"<p>Amaryllisen har f\u00e5tt lite hj\u00e4lp i from av ett st\u00f6d f\u00f6r att h\u00e5lla sig uppr\u00e4tt &nbsp;<\/p>\n","protected":false},"author":1,"featured_media":0,"comment_status":"open","ping_status":"closed","sticky":false,"template":"","format":"standard","meta":{"footnotes":""},"categories":[8],"tags":[],"class_list":["post-1644","post","type-post","status-publish","format-standard","hentry","category-8"],"_links":{"self":[{"href":"https:\/\/carrofoto.nu\/365foton\/wp-json\/wp\/v2\/posts\/1644","targetHints":{"allow":["GET"]}}],"collection":[{"href":"https:\/\/carrofoto.nu\/365foton\/wp-json\/wp\/v2\/posts"}],"about":[{"href":"https:\/\/carrofoto.nu\/365foton\/wp-json\/wp\/v2\/types\/post"}],"author":[{"embeddable":true,"href":"https:\/\/carrofoto.nu\/365foton\/wp-json\/wp\/v2\/users\/1"}],"replies":[{"embeddable":true,"href":"https:\/\/carrofoto.nu\/365foton\/wp-json\/wp\/v2\/comments?post=1644"}],"version-history":[{"count":2,"href":"https:\/\/carrofoto.nu\/365foton\/wp-json\/wp\/v2\/posts\/1644\/revisions"}],"predecessor-version":[{"id":4062,"href":"https:\/\/carrofoto.nu\/365foton\/wp-json\/wp\/v2\/posts\/1644\/revisions\/4062"}],"wp:attachment":[{"href":"https:\/\/carrofoto.nu\/365foton\/wp-json\/wp\/v2\/media?parent=1644"}],"wp:term":[{"taxonomy":"category","embeddable":true,"href":"https:\/\/carrofoto.nu\/365foton\/wp-json\/wp\/v2\/categories?post=1644"},{"taxonomy":"post_tag","embeddable":true,"href":"https:\/\/carrofoto.nu\/365foton\/wp-json\/wp\/v2\/tags?post=1644"}],"curies":[{"name":"wp","href":"https:\/\/api.w.org\/{rel}","templated":true}]}}