{"id":2729,"date":"2021-03-12T09:51:10","date_gmt":"2021-03-12T08:51:10","guid":{"rendered":"https:\/\/carrofoto.nu\/365foton\/?p=2729"},"modified":"2021-03-07T13:52:56","modified_gmt":"2021-03-07T12:52:56","slug":"eget-tema-3-pa-en-stubbe-31-180","status":"publish","type":"post","link":"https:\/\/carrofoto.nu\/365foton\/2021\/03\/12\/eget-tema-3-pa-en-stubbe-31-180\/","title":{"rendered":"Eget tema 3 &#8211; P\u00e5 en stubbe (31\/180)"},"content":{"rendered":"<p><img loading=\"lazy\" decoding=\"async\" class=\"alignnone size-large wp-image-2700\" src=\"https:\/\/carrofoto.nu\/365foton\/wp-content\/uploads\/2021\/02\/m_20210221_154459-548x730.jpg\" alt=\"\" width=\"548\" height=\"730\" srcset=\"https:\/\/carrofoto.nu\/365foton\/wp-content\/uploads\/2021\/02\/m_20210221_154459-548x730.jpg 548w, https:\/\/carrofoto.nu\/365foton\/wp-content\/uploads\/2021\/02\/m_20210221_154459-338x450.jpg 338w, https:\/\/carrofoto.nu\/365foton\/wp-content\/uploads\/2021\/02\/m_20210221_154459-113x150.jpg 113w, https:\/\/carrofoto.nu\/365foton\/wp-content\/uploads\/2021\/02\/m_20210221_154459.jpg 675w\" sizes=\"auto, (max-width: 548px) 100vw, 548px\" \/><\/p>\n<p>Viola sitter g\u00e4rna <em>p\u00e5 en stubbe<\/em> i kattg\u00e5rden och spanar.<\/p>\n","protected":false},"excerpt":{"rendered":"<p>Viola sitter g\u00e4rna p\u00e5 en stubbe i kattg\u00e5rden och spanar.<\/p>\n","protected":false},"author":1,"featured_media":0,"comment_status":"open","ping_status":"closed","sticky":false,"template":"","format":"standard","meta":{"footnotes":""},"categories":[6,7],"tags":[],"class_list":["post-2729","post","type-post","status-publish","format-standard","hentry","category-6","category-2021-egna-teman"],"_links":{"self":[{"href":"https:\/\/carrofoto.nu\/365foton\/wp-json\/wp\/v2\/posts\/2729","targetHints":{"allow":["GET"]}}],"collection":[{"href":"https:\/\/carrofoto.nu\/365foton\/wp-json\/wp\/v2\/posts"}],"about":[{"href":"https:\/\/carrofoto.nu\/365foton\/wp-json\/wp\/v2\/types\/post"}],"author":[{"embeddable":true,"href":"https:\/\/carrofoto.nu\/365foton\/wp-json\/wp\/v2\/users\/1"}],"replies":[{"embeddable":true,"href":"https:\/\/carrofoto.nu\/365foton\/wp-json\/wp\/v2\/comments?post=2729"}],"version-history":[{"count":1,"href":"https:\/\/carrofoto.nu\/365foton\/wp-json\/wp\/v2\/posts\/2729\/revisions"}],"predecessor-version":[{"id":2730,"href":"https:\/\/carrofoto.nu\/365foton\/wp-json\/wp\/v2\/posts\/2729\/revisions\/2730"}],"wp:attachment":[{"href":"https:\/\/carrofoto.nu\/365foton\/wp-json\/wp\/v2\/media?parent=2729"}],"wp:term":[{"taxonomy":"category","embeddable":true,"href":"https:\/\/carrofoto.nu\/365foton\/wp-json\/wp\/v2\/categories?post=2729"},{"taxonomy":"post_tag","embeddable":true,"href":"https:\/\/carrofoto.nu\/365foton\/wp-json\/wp\/v2\/tags?post=2729"}],"curies":[{"name":"wp","href":"https:\/\/api.w.org\/{rel}","templated":true}]}}