{"id":3810,"date":"2015-12-29T10:10:17","date_gmt":"2015-12-29T08:10:17","guid":{"rendered":"https:\/\/jaheca.se\/carro\/365foton2015\/?p=1568"},"modified":"2021-11-07T16:36:26","modified_gmt":"2021-11-07T15:36:26","slug":"eget-tema-26-spretar-321365","status":"publish","type":"post","link":"https:\/\/carrofoto.nu\/365foton\/2015\/12\/29\/eget-tema-26-spretar-321365\/","title":{"rendered":"Eget tema 26 &#8211; Spretar (321\/365)"},"content":{"rendered":"<p><img loading=\"lazy\" decoding=\"async\" class=\"alignnone size-large wp-image-2955\" src=\"https:\/\/carrofoto.nu\/365foton\/wp-content\/uploads\/2021\/05\/20151227_101933-548x730.jpg\" alt=\"\" width=\"548\" height=\"730\" srcset=\"https:\/\/carrofoto.nu\/365foton\/wp-content\/uploads\/2021\/05\/20151227_101933-548x730.jpg 548w, https:\/\/carrofoto.nu\/365foton\/wp-content\/uploads\/2021\/05\/20151227_101933-338x450.jpg 338w, https:\/\/carrofoto.nu\/365foton\/wp-content\/uploads\/2021\/05\/20151227_101933-113x150.jpg 113w, https:\/\/carrofoto.nu\/365foton\/wp-content\/uploads\/2021\/05\/20151227_101933.jpg 600w\" sizes=\"auto, (max-width: 548px) 100vw, 548px\" \/><\/p>\n<p>Katten <em>spretar<\/em> med t\u00e5rna f\u00f6r att komma \u00e5t emellan dem med tungan<\/p>\n","protected":false},"excerpt":{"rendered":"<p>Katten spretar med t\u00e5rna f\u00f6r att komma \u00e5t emellan dem med tungan<\/p>\n","protected":false},"author":1,"featured_media":0,"comment_status":"open","ping_status":"closed","sticky":false,"template":"","format":"standard","meta":{"footnotes":""},"categories":[8,9],"tags":[],"class_list":["post-3810","post","type-post","status-publish","format-standard","hentry","category-8","category-2015-egna-teman"],"_links":{"self":[{"href":"https:\/\/carrofoto.nu\/365foton\/wp-json\/wp\/v2\/posts\/3810","targetHints":{"allow":["GET"]}}],"collection":[{"href":"https:\/\/carrofoto.nu\/365foton\/wp-json\/wp\/v2\/posts"}],"about":[{"href":"https:\/\/carrofoto.nu\/365foton\/wp-json\/wp\/v2\/types\/post"}],"author":[{"embeddable":true,"href":"https:\/\/carrofoto.nu\/365foton\/wp-json\/wp\/v2\/users\/1"}],"replies":[{"embeddable":true,"href":"https:\/\/carrofoto.nu\/365foton\/wp-json\/wp\/v2\/comments?post=3810"}],"version-history":[{"count":3,"href":"https:\/\/carrofoto.nu\/365foton\/wp-json\/wp\/v2\/posts\/3810\/revisions"}],"predecessor-version":[{"id":4115,"href":"https:\/\/carrofoto.nu\/365foton\/wp-json\/wp\/v2\/posts\/3810\/revisions\/4115"}],"wp:attachment":[{"href":"https:\/\/carrofoto.nu\/365foton\/wp-json\/wp\/v2\/media?parent=3810"}],"wp:term":[{"taxonomy":"category","embeddable":true,"href":"https:\/\/carrofoto.nu\/365foton\/wp-json\/wp\/v2\/categories?post=3810"},{"taxonomy":"post_tag","embeddable":true,"href":"https:\/\/carrofoto.nu\/365foton\/wp-json\/wp\/v2\/tags?post=3810"}],"curies":[{"name":"wp","href":"https:\/\/api.w.org\/{rel}","templated":true}]}}