{"id":3813,"date":"2015-12-29T18:05:39","date_gmt":"2015-12-29T17:05:39","guid":{"rendered":"https:\/\/jaheca.se\/carro\/365foton2015\/?p=1577"},"modified":"2021-11-07T16:29:08","modified_gmt":"2021-11-07T15:29:08","slug":"223-plan-325365","status":"publish","type":"post","link":"https:\/\/carrofoto.nu\/365foton\/2015\/12\/29\/223-plan-325365\/","title":{"rendered":"223 &#8211; Plan (325\/365)"},"content":{"rendered":"<p><img loading=\"lazy\" decoding=\"async\" class=\"alignnone wp-image-2851 size-large\" src=\"https:\/\/carrofoto.nu\/365foton\/wp-content\/uploads\/2021\/05\/20150210_125845-548x730.jpg\" alt=\"\" width=\"548\" height=\"730\" srcset=\"https:\/\/carrofoto.nu\/365foton\/wp-content\/uploads\/2021\/05\/20150210_125845-548x730.jpg 548w, https:\/\/carrofoto.nu\/365foton\/wp-content\/uploads\/2021\/05\/20150210_125845-338x450.jpg 338w, https:\/\/carrofoto.nu\/365foton\/wp-content\/uploads\/2021\/05\/20150210_125845-113x150.jpg 113w, https:\/\/carrofoto.nu\/365foton\/wp-content\/uploads\/2021\/05\/20150210_125845.jpg 600w\" sizes=\"auto, (max-width: 548px) 100vw, 548px\" \/><\/p>\n<p>H\u00e4r \u00e4r marken verkligen INTE <em>plan<\/em>! Jag k\u00f6rde i denna grop med framhjulet och fick styrfj\u00e4dern f\u00f6rst\u00f6rd, som tur var betalade fastighets\u00e4garen verkstadsnotan.<\/p>\n","protected":false},"excerpt":{"rendered":"<p>H\u00e4r \u00e4r marken verkligen INTE plan! Jag k\u00f6rde i denna grop med framhjulet och fick styrfj\u00e4dern f\u00f6rst\u00f6rd, som tur var betalade fastighets\u00e4garen verkstadsnotan.<\/p>\n","protected":false},"author":1,"featured_media":0,"comment_status":"open","ping_status":"closed","sticky":false,"template":"","format":"standard","meta":{"footnotes":""},"categories":[8],"tags":[],"class_list":["post-3813","post","type-post","status-publish","format-standard","hentry","category-8"],"_links":{"self":[{"href":"https:\/\/carrofoto.nu\/365foton\/wp-json\/wp\/v2\/posts\/3813","targetHints":{"allow":["GET"]}}],"collection":[{"href":"https:\/\/carrofoto.nu\/365foton\/wp-json\/wp\/v2\/posts"}],"about":[{"href":"https:\/\/carrofoto.nu\/365foton\/wp-json\/wp\/v2\/types\/post"}],"author":[{"embeddable":true,"href":"https:\/\/carrofoto.nu\/365foton\/wp-json\/wp\/v2\/users\/1"}],"replies":[{"embeddable":true,"href":"https:\/\/carrofoto.nu\/365foton\/wp-json\/wp\/v2\/comments?post=3813"}],"version-history":[{"count":2,"href":"https:\/\/carrofoto.nu\/365foton\/wp-json\/wp\/v2\/posts\/3813\/revisions"}],"predecessor-version":[{"id":4108,"href":"https:\/\/carrofoto.nu\/365foton\/wp-json\/wp\/v2\/posts\/3813\/revisions\/4108"}],"wp:attachment":[{"href":"https:\/\/carrofoto.nu\/365foton\/wp-json\/wp\/v2\/media?parent=3813"}],"wp:term":[{"taxonomy":"category","embeddable":true,"href":"https:\/\/carrofoto.nu\/365foton\/wp-json\/wp\/v2\/categories?post=3813"},{"taxonomy":"post_tag","embeddable":true,"href":"https:\/\/carrofoto.nu\/365foton\/wp-json\/wp\/v2\/tags?post=3813"}],"curies":[{"name":"wp","href":"https:\/\/api.w.org\/{rel}","templated":true}]}}