{"id":4235,"date":"2021-12-13T14:42:01","date_gmt":"2021-12-13T13:42:01","guid":{"rendered":"https:\/\/carrofoto.nu\/365foton\/?p=4235"},"modified":"2021-12-13T14:42:01","modified_gmt":"2021-12-13T13:42:01","slug":"hinner-troligen-inte-klart","status":"publish","type":"post","link":"https:\/\/carrofoto.nu\/365foton\/2021\/12\/13\/hinner-troligen-inte-klart\/","title":{"rendered":"Hinner troligen inte klart&#8230;"},"content":{"rendered":"<p>Jag hinner troligen inte g\u00f6ra klart utmaningen i \u00e5r, d\u00e5 det \u00e4r mycket nu innan jul.<br \/>\nKanske hinner jag med n\u00e5gra bilder till innan ny\u00e5r, jag f\u00e5r se&#8230;<br \/>\nMen det m\u00e4rker ni nog \ud83d\ude42<\/p>\n","protected":false},"excerpt":{"rendered":"<p>Jag hinner troligen inte g\u00f6ra klart utmaningen i \u00e5r, d\u00e5 det \u00e4r mycket nu innan jul. Kanske hinner jag med n\u00e5gra bilder till innan ny\u00e5r, jag f\u00e5r se&#8230; Men det m\u00e4rker ni nog \ud83d\ude42<\/p>\n","protected":false},"author":1,"featured_media":0,"comment_status":"open","ping_status":"closed","sticky":false,"template":"","format":"standard","meta":{"footnotes":""},"categories":[6,4],"tags":[],"class_list":["post-4235","post","type-post","status-publish","format-standard","hentry","category-6","category-allmant"],"_links":{"self":[{"href":"https:\/\/carrofoto.nu\/365foton\/wp-json\/wp\/v2\/posts\/4235","targetHints":{"allow":["GET"]}}],"collection":[{"href":"https:\/\/carrofoto.nu\/365foton\/wp-json\/wp\/v2\/posts"}],"about":[{"href":"https:\/\/carrofoto.nu\/365foton\/wp-json\/wp\/v2\/types\/post"}],"author":[{"embeddable":true,"href":"https:\/\/carrofoto.nu\/365foton\/wp-json\/wp\/v2\/users\/1"}],"replies":[{"embeddable":true,"href":"https:\/\/carrofoto.nu\/365foton\/wp-json\/wp\/v2\/comments?post=4235"}],"version-history":[{"count":1,"href":"https:\/\/carrofoto.nu\/365foton\/wp-json\/wp\/v2\/posts\/4235\/revisions"}],"predecessor-version":[{"id":4236,"href":"https:\/\/carrofoto.nu\/365foton\/wp-json\/wp\/v2\/posts\/4235\/revisions\/4236"}],"wp:attachment":[{"href":"https:\/\/carrofoto.nu\/365foton\/wp-json\/wp\/v2\/media?parent=4235"}],"wp:term":[{"taxonomy":"category","embeddable":true,"href":"https:\/\/carrofoto.nu\/365foton\/wp-json\/wp\/v2\/categories?post=4235"},{"taxonomy":"post_tag","embeddable":true,"href":"https:\/\/carrofoto.nu\/365foton\/wp-json\/wp\/v2\/tags?post=4235"}],"curies":[{"name":"wp","href":"https:\/\/api.w.org\/{rel}","templated":true}]}}