{"id":531,"date":"2015-11-12T15:47:42","date_gmt":"2015-11-12T14:47:42","guid":{"rendered":"https:\/\/jaheca.se\/carro\/365foton2015\/?p=531"},"modified":"2015-11-12T15:47:42","modified_gmt":"2015-11-12T14:47:42","slug":"startar-upp-igen","status":"publish","type":"post","link":"https:\/\/carrofoto.nu\/365foton\/2015\/11\/12\/startar-upp-igen\/","title":{"rendered":"Startar upp igen"},"content":{"rendered":"<p>Jag har best\u00e4mt mig f\u00f6r att starta upp utmaningen igen, men nu t\u00e4nker jag bara se hur m\u00e5nga teman jag kan f\u00e5 ihop med hj\u00e4lp av de bilder jag tagit under \u00e5ret, samt f\u00f6rs\u00f6ka f\u00e5 lite inspiration till att ta fler bilder reste av \u00e5ret. M\u00e5nga teman kan jag inte ta med d\u00e5 de associerar till \u00e5rstiden eller n\u00e5got annat specifikt.<\/p>\n<p>R\u00e4knar inte med att g\u00e5 i m\u00e5l p\u00e5 n\u00e5got vis, utan \u00e4r med mest f\u00f6r skojs skull dessa sista veckor p\u00e5 \u00e5ret.<\/p>\n<p>Kommande bilder \u00e4r en blandad kompott av alla m\u00f6jliga platser och milj\u00f6er, bl.a. Cypern, Istanbul, hemma kattutst\u00e4llningar och s\u00e5 vidare.<\/p>\n","protected":false},"excerpt":{"rendered":"<p>Jag har best\u00e4mt mig f\u00f6r att starta upp utmaningen igen, men nu t\u00e4nker jag bara se hur m\u00e5nga teman jag kan f\u00e5 ihop med hj\u00e4lp av de bilder jag tagit under \u00e5ret, samt f\u00f6rs\u00f6ka f\u00e5 lite inspiration till att ta fler bilder reste av \u00e5ret. M\u00e5nga teman kan jag inte&#8230; <a class=\"continue-reading-link\" href=\"https:\/\/carrofoto.nu\/365foton\/2015\/11\/12\/startar-upp-igen\/\"> Continue reading <span class=\"meta-nav\">&rarr; <\/span><\/a><\/p>\n","protected":false},"author":1,"featured_media":0,"comment_status":"open","ping_status":"closed","sticky":false,"template":"","format":"standard","meta":{"footnotes":""},"categories":[8,4],"tags":[],"class_list":["post-531","post","type-post","status-publish","format-standard","hentry","category-8","category-allmant"],"_links":{"self":[{"href":"https:\/\/carrofoto.nu\/365foton\/wp-json\/wp\/v2\/posts\/531","targetHints":{"allow":["GET"]}}],"collection":[{"href":"https:\/\/carrofoto.nu\/365foton\/wp-json\/wp\/v2\/posts"}],"about":[{"href":"https:\/\/carrofoto.nu\/365foton\/wp-json\/wp\/v2\/types\/post"}],"author":[{"embeddable":true,"href":"https:\/\/carrofoto.nu\/365foton\/wp-json\/wp\/v2\/users\/1"}],"replies":[{"embeddable":true,"href":"https:\/\/carrofoto.nu\/365foton\/wp-json\/wp\/v2\/comments?post=531"}],"version-history":[{"count":0,"href":"https:\/\/carrofoto.nu\/365foton\/wp-json\/wp\/v2\/posts\/531\/revisions"}],"wp:attachment":[{"href":"https:\/\/carrofoto.nu\/365foton\/wp-json\/wp\/v2\/media?parent=531"}],"wp:term":[{"taxonomy":"category","embeddable":true,"href":"https:\/\/carrofoto.nu\/365foton\/wp-json\/wp\/v2\/categories?post=531"},{"taxonomy":"post_tag","embeddable":true,"href":"https:\/\/carrofoto.nu\/365foton\/wp-json\/wp\/v2\/tags?post=531"}],"curies":[{"name":"wp","href":"https:\/\/api.w.org\/{rel}","templated":true}]}}