{"id":755,"date":"2015-11-22T10:15:37","date_gmt":"2015-11-22T09:15:37","guid":{"rendered":"https:\/\/jaheca.se\/carro\/365foton2015\/?p=755"},"modified":"2023-03-14T21:19:26","modified_gmt":"2023-03-14T19:19:26","slug":"349-vagrat-134365","status":"publish","type":"post","link":"https:\/\/carrofoto.nu\/365foton\/2015\/11\/22\/349-vagrat-134365\/","title":{"rendered":"349 &#8211; V\u00e5gr\u00e4t (134\/365)"},"content":{"rendered":"<p><img loading=\"lazy\" decoding=\"async\" class=\"alignnone size-large wp-image-2973\" src=\"https:\/\/carrofoto.nu\/365foton\/wp-content\/uploads\/2021\/05\/c_20151009_073343-730x548.jpg\" alt=\"\" width=\"700\" height=\"525\" srcset=\"https:\/\/carrofoto.nu\/365foton\/wp-content\/uploads\/2021\/05\/c_20151009_073343-730x548.jpg 730w, https:\/\/carrofoto.nu\/365foton\/wp-content\/uploads\/2021\/05\/c_20151009_073343-450x338.jpg 450w, https:\/\/carrofoto.nu\/365foton\/wp-content\/uploads\/2021\/05\/c_20151009_073343-768x576.jpg 768w, https:\/\/carrofoto.nu\/365foton\/wp-content\/uploads\/2021\/05\/c_20151009_073343-150x113.jpg 150w, https:\/\/carrofoto.nu\/365foton\/wp-content\/uploads\/2021\/05\/c_20151009_073343-200x150.jpg 200w, https:\/\/carrofoto.nu\/365foton\/wp-content\/uploads\/2021\/05\/c_20151009_073343.jpg 800w\" sizes=\"auto, (max-width: 700px) 100vw, 700px\" \/><\/p>\n<p>Det \u00e4r inte alltid s\u00e5 l\u00e4tt att f\u00e5 en <em>v\u00e5gr\u00e4t<\/em> horisont n\u00e4r man tar kort<\/p>\n","protected":false},"excerpt":{"rendered":"<p>Det \u00e4r inte alltid s\u00e5 l\u00e4tt att f\u00e5 en v\u00e5gr\u00e4t horisont n\u00e4r man tar kort<\/p>\n","protected":false},"author":1,"featured_media":0,"comment_status":"open","ping_status":"closed","sticky":false,"template":"","format":"standard","meta":{"footnotes":""},"categories":[8],"tags":[],"class_list":["post-755","post","type-post","status-publish","format-standard","hentry","category-8"],"_links":{"self":[{"href":"https:\/\/carrofoto.nu\/365foton\/wp-json\/wp\/v2\/posts\/755","targetHints":{"allow":["GET"]}}],"collection":[{"href":"https:\/\/carrofoto.nu\/365foton\/wp-json\/wp\/v2\/posts"}],"about":[{"href":"https:\/\/carrofoto.nu\/365foton\/wp-json\/wp\/v2\/types\/post"}],"author":[{"embeddable":true,"href":"https:\/\/carrofoto.nu\/365foton\/wp-json\/wp\/v2\/users\/1"}],"replies":[{"embeddable":true,"href":"https:\/\/carrofoto.nu\/365foton\/wp-json\/wp\/v2\/comments?post=755"}],"version-history":[{"count":1,"href":"https:\/\/carrofoto.nu\/365foton\/wp-json\/wp\/v2\/posts\/755\/revisions"}],"predecessor-version":[{"id":4501,"href":"https:\/\/carrofoto.nu\/365foton\/wp-json\/wp\/v2\/posts\/755\/revisions\/4501"}],"wp:attachment":[{"href":"https:\/\/carrofoto.nu\/365foton\/wp-json\/wp\/v2\/media?parent=755"}],"wp:term":[{"taxonomy":"category","embeddable":true,"href":"https:\/\/carrofoto.nu\/365foton\/wp-json\/wp\/v2\/categories?post=755"},{"taxonomy":"post_tag","embeddable":true,"href":"https:\/\/carrofoto.nu\/365foton\/wp-json\/wp\/v2\/tags?post=755"}],"curies":[{"name":"wp","href":"https:\/\/api.w.org\/{rel}","templated":true}]}}