{"id":949,"date":"2014-07-25T10:00:24","date_gmt":"2014-07-25T08:00:24","guid":{"rendered":"https:\/\/jaheca.se\/carro\/365foton2014\/?p=949"},"modified":"2021-01-26T15:50:13","modified_gmt":"2021-01-26T14:50:13","slug":"eget-tema-smultron-191365","status":"publish","type":"post","link":"https:\/\/carrofoto.nu\/365foton\/2014\/07\/25\/eget-tema-smultron-191365\/","title":{"rendered":"Eget tema &#8211; Smultron (191\/365)"},"content":{"rendered":"<p><img loading=\"lazy\" decoding=\"async\" class=\"alignnone wp-image-202\" src=\"https:\/\/carrofoto.nu\/365foton\/wp-content\/uploads\/2020\/10\/c_E2014_0717CB.jpg\" alt=\"\" width=\"725\" height=\"483\" srcset=\"https:\/\/carrofoto.nu\/365foton\/wp-content\/uploads\/2020\/10\/c_E2014_0717CB.jpg 800w, https:\/\/carrofoto.nu\/365foton\/wp-content\/uploads\/2020\/10\/c_E2014_0717CB-450x300.jpg 450w, https:\/\/carrofoto.nu\/365foton\/wp-content\/uploads\/2020\/10\/c_E2014_0717CB-768x512.jpg 768w, https:\/\/carrofoto.nu\/365foton\/wp-content\/uploads\/2020\/10\/c_E2014_0717CB-150x100.jpg 150w, https:\/\/carrofoto.nu\/365foton\/wp-content\/uploads\/2020\/10\/c_E2014_0717CB-225x150.jpg 225w\" sizes=\"auto, (max-width: 725px) 100vw, 725px\" \/><\/p>\n<p>Gott med <em>smultron<\/em> fr\u00e5n tr\u00e4dg\u00e5rden<\/p>\n","protected":false},"excerpt":{"rendered":"<p>Gott med smultron fr\u00e5n tr\u00e4dg\u00e5rden<\/p>\n","protected":false},"author":1,"featured_media":0,"comment_status":"open","ping_status":"closed","sticky":false,"template":"","format":"standard","meta":{"footnotes":""},"categories":[2,3],"tags":[],"class_list":["post-949","post","type-post","status-publish","format-standard","hentry","category-2","category-2014-eget-tema"],"_links":{"self":[{"href":"https:\/\/carrofoto.nu\/365foton\/wp-json\/wp\/v2\/posts\/949","targetHints":{"allow":["GET"]}}],"collection":[{"href":"https:\/\/carrofoto.nu\/365foton\/wp-json\/wp\/v2\/posts"}],"about":[{"href":"https:\/\/carrofoto.nu\/365foton\/wp-json\/wp\/v2\/types\/post"}],"author":[{"embeddable":true,"href":"https:\/\/carrofoto.nu\/365foton\/wp-json\/wp\/v2\/users\/1"}],"replies":[{"embeddable":true,"href":"https:\/\/carrofoto.nu\/365foton\/wp-json\/wp\/v2\/comments?post=949"}],"version-history":[{"count":3,"href":"https:\/\/carrofoto.nu\/365foton\/wp-json\/wp\/v2\/posts\/949\/revisions"}],"predecessor-version":[{"id":2595,"href":"https:\/\/carrofoto.nu\/365foton\/wp-json\/wp\/v2\/posts\/949\/revisions\/2595"}],"wp:attachment":[{"href":"https:\/\/carrofoto.nu\/365foton\/wp-json\/wp\/v2\/media?parent=949"}],"wp:term":[{"taxonomy":"category","embeddable":true,"href":"https:\/\/carrofoto.nu\/365foton\/wp-json\/wp\/v2\/categories?post=949"},{"taxonomy":"post_tag","embeddable":true,"href":"https:\/\/carrofoto.nu\/365foton\/wp-json\/wp\/v2\/tags?post=949"}],"curies":[{"name":"wp","href":"https:\/\/api.w.org\/{rel}","templated":true}]}}