{"id":959,"date":"2014-07-29T10:00:50","date_gmt":"2014-07-29T08:00:50","guid":{"rendered":"https:\/\/jaheca.se\/carro\/365foton2014\/?p=959"},"modified":"2021-01-26T15:03:39","modified_gmt":"2021-01-26T14:03:39","slug":"eget-tema-trimmad-196365","status":"publish","type":"post","link":"https:\/\/carrofoto.nu\/365foton\/2014\/07\/29\/eget-tema-trimmad-196365\/","title":{"rendered":"Eget tema &#8211; Trimmad (196\/365)"},"content":{"rendered":"<p><img loading=\"lazy\" decoding=\"async\" class=\"alignnone wp-image-274\" src=\"https:\/\/carrofoto.nu\/365foton\/wp-content\/uploads\/2020\/10\/c_M2014_0719BG.jpg\" alt=\"\" width=\"725\" height=\"544\" srcset=\"https:\/\/carrofoto.nu\/365foton\/wp-content\/uploads\/2020\/10\/c_M2014_0719BG.jpg 800w, https:\/\/carrofoto.nu\/365foton\/wp-content\/uploads\/2020\/10\/c_M2014_0719BG-450x338.jpg 450w, https:\/\/carrofoto.nu\/365foton\/wp-content\/uploads\/2020\/10\/c_M2014_0719BG-768x576.jpg 768w, https:\/\/carrofoto.nu\/365foton\/wp-content\/uploads\/2020\/10\/c_M2014_0719BG-150x113.jpg 150w, https:\/\/carrofoto.nu\/365foton\/wp-content\/uploads\/2020\/10\/c_M2014_0719BG-200x150.jpg 200w\" sizes=\"auto, (max-width: 725px) 100vw, 725px\" \/><\/p>\n<p>Sk\u00f6nt f\u00f6r Bobby att vara ny<em>trimmad<\/em> i sommarv\u00e4rmen<\/p>\n<p><span style=\"font-size: 12px;\">Bilden tagen med mobilkameran<\/span><\/p>\n","protected":false},"excerpt":{"rendered":"<p>Sk\u00f6nt f\u00f6r Bobby att vara nytrimmad i sommarv\u00e4rmen Bilden tagen med mobilkameran<\/p>\n","protected":false},"author":1,"featured_media":0,"comment_status":"open","ping_status":"closed","sticky":false,"template":"","format":"standard","meta":{"footnotes":""},"categories":[3],"tags":[],"class_list":["post-959","post","type-post","status-publish","format-standard","hentry","category-2014-eget-tema"],"_links":{"self":[{"href":"https:\/\/carrofoto.nu\/365foton\/wp-json\/wp\/v2\/posts\/959","targetHints":{"allow":["GET"]}}],"collection":[{"href":"https:\/\/carrofoto.nu\/365foton\/wp-json\/wp\/v2\/posts"}],"about":[{"href":"https:\/\/carrofoto.nu\/365foton\/wp-json\/wp\/v2\/types\/post"}],"author":[{"embeddable":true,"href":"https:\/\/carrofoto.nu\/365foton\/wp-json\/wp\/v2\/users\/1"}],"replies":[{"embeddable":true,"href":"https:\/\/carrofoto.nu\/365foton\/wp-json\/wp\/v2\/comments?post=959"}],"version-history":[{"count":2,"href":"https:\/\/carrofoto.nu\/365foton\/wp-json\/wp\/v2\/posts\/959\/revisions"}],"predecessor-version":[{"id":2587,"href":"https:\/\/carrofoto.nu\/365foton\/wp-json\/wp\/v2\/posts\/959\/revisions\/2587"}],"wp:attachment":[{"href":"https:\/\/carrofoto.nu\/365foton\/wp-json\/wp\/v2\/media?parent=959"}],"wp:term":[{"taxonomy":"category","embeddable":true,"href":"https:\/\/carrofoto.nu\/365foton\/wp-json\/wp\/v2\/categories?post=959"},{"taxonomy":"post_tag","embeddable":true,"href":"https:\/\/carrofoto.nu\/365foton\/wp-json\/wp\/v2\/tags?post=959"}],"curies":[{"name":"wp","href":"https:\/\/api.w.org\/{rel}","templated":true}]}}